{"id":1132,"date":"2022-11-15T15:21:12","date_gmt":"2022-11-15T18:21:12","guid":{"rendered":"https:\/\/www.biolink.tv\/blog\/?p=1132"},"modified":"2023-01-30T05:39:01","modified_gmt":"2023-01-30T08:39:01","slug":"diversidad-e-inclusion-en-el-ambito-educativo","status":"publish","type":"post","link":"https:\/\/biolink.info\/blog\/diversidad-e-inclusion-en-el-ambito-educativo\/","title":{"rendered":"Diversidad e inclusi\u00f3n en el \u00e1mbito educativo"},"content":{"rendered":"\n<p>Hoy en d\u00eda la diversidad e inclusi\u00f3n es algo que se puede apreciar con mucha naturalidad. Pues el intercambio de culturas es algo muy cotidiano, en especial cuando se trata de colegios internacionales o a nivel universitario, donde se puede encontrar una gran diversidad entre personas. Pero, <strong>\u00bfrealmente la diversidad e inclusi\u00f3n es algo importante en el \u00e1mbito educativo?<\/strong>, lo cierto es que s\u00ed. En comparaci\u00f3n con aquellas instituciones que no cuentan con cierta diversidad de estudiantes, no tienen tan buenos resultados en comparaci\u00f3n con los que s\u00ed, pero, \u00bfa qu\u00e9 se debe esto?, a continuaci\u00f3n te mostraremos m\u00e1s detalles sobre el tema.<\/p>\n\n\n\n<h2 class=\"wp-block-heading\">Diversidad e inclusi\u00f3n en el \u00e1mbito educativo<\/h2>\n\n\n\n<p>En el \u00e1mbito educativo se deber\u00eda tener como enfoque todo aquello que promueva la creatividad, pues esto <strong>permitir\u00e1 que los estudiantes tengan un mejor rendimiento. <\/strong>Para nadie deber\u00eda ser un secreto el hecho de que el estudio es la clave de una sociedad civilizada; por ello es que constantemente debe actualizarse ciertas cosas a nivel educativo, ya que no se debe negar el hecho de que los estudiantes de hoy no son los mismos de hace 50 a\u00f1os, no son las mismas costumbres, ni los mismos conocimientos por aprender. Todo evoluciona, pero no solo a nivel tecnol\u00f3gico y los estudiantes no son la excepci\u00f3n.<\/p>\n\n\n<div class=\"wp-block-image\">\n<figure class=\"aligncenter size-full\"><img loading=\"lazy\" decoding=\"async\" width=\"1024\" height=\"577\" src=\"https:\/\/biolink.info\/blog\/wp-content\/uploads\/2022\/11\/Beneficios-de-la-diversidad-e-inclusion-en-el-ambito-educativo.jpg\" alt=\"Diversidad e inclusi\u00f3n en el \u00e1mbito educativo\" class=\"wp-image-1135\" srcset=\"https:\/\/biolink.info\/blog\/wp-content\/uploads\/2022\/11\/Beneficios-de-la-diversidad-e-inclusion-en-el-ambito-educativo.jpg 1024w, https:\/\/biolink.info\/blog\/wp-content\/uploads\/2022\/11\/Beneficios-de-la-diversidad-e-inclusion-en-el-ambito-educativo-300x169.jpg 300w, https:\/\/biolink.info\/blog\/wp-content\/uploads\/2022\/11\/Beneficios-de-la-diversidad-e-inclusion-en-el-ambito-educativo-768x433.jpg 768w\" sizes=\"auto, (max-width: 1024px) 100vw, 1024px\" \/><\/figure>\n<\/div>\n\n\n<p>Con el paso del tiempo cada vez se puede apreciar una mayor diversidad en el \u00e1mbito educativo, con ello poco a poco se ha demostrado una mayor inclusi\u00f3n, pero <strong>\u00bfcu\u00e1l es la diferencia entre ambos conceptos?<\/strong><\/p>\n\n\n\n<p>Para comenzar se debe tener claro que la diversidad es lo diferente, en el \u00e1mbito educativo se refiere a las diferencias que hay entre cada uno de los estudiantes. Pero <strong>no solo se trata de una diversidad f\u00edsica<\/strong> como el color de la piel, el cabello, los ojos, ciertas facciones, entre otras. La diversidad en las personas tambi\u00e9n se puede apreciar en su origen, su idioma natal, el acento, la cultura, costumbres, religi\u00f3n y creencias. Es as\u00ed como la diversidad es algo que se puede apreciar a simple vista, as\u00ed como tambi\u00e9n no siempre es tan evidente hasta el momento en el que tienes una conversaci\u00f3n.<\/p>\n\n\n\n<p>Ahora, <strong>\u00bfqu\u00e9 es la inclusi\u00f3n?<\/strong>, se trata de no discriminar a las personas por ser diferentes, la inclusi\u00f3n es precisamente eso, incluir. En la actualidad se ha trabajado para generar ambientes de confort en el que se les da la oportunidad a cualquier persona formar parte de \u00e9l y con ello se crea un ambiente de inclusi\u00f3n donde todos, a pesar de nuestras diferencias, nos entendemos y salimos adelante por un objetivo en com\u00fan.<\/p>\n\n\n\n<p>En el \u00e1mbito educativo <strong>se puede apreciar la diversidad e inclusi\u00f3n con cada vez m\u00e1s naturalidad<\/strong>, donde todos se enfocan en graduarse para obtener su t\u00edtulo acad\u00e9mico, otros adem\u00e1s de ello tambi\u00e9n practican alg\u00fan deporte donde la motivaci\u00f3n y el trabajo en equipo es algo que los une a todos.<\/p>\n\n\n\n<h2 class=\"wp-block-heading\">Beneficios de la diversidad e inclusi\u00f3n en el \u00e1mbito educativo<\/h2>\n\n\n\n<p>Es cierto que cada vez se puede apreciar una mayor diversidad e inclusi\u00f3n en el \u00e1mbito educativo, pero <strong>\u00bfrealmente es algo beneficioso para todos?<\/strong>, esta es una interrogante muy importante y de hecho es que s\u00ed, la diversidad e inclusi\u00f3n trae muchos beneficios; como por ejemplo el mejorar la creatividad, ya que se ha determinado que en aquellos ambientes donde fluye la diversidad hay una mejora en los niveles de creatividad y con ello se mejora el rendimiento acad\u00e9mico.<\/p>\n\n\n<div class=\"wp-block-image\">\n<figure class=\"aligncenter size-large\"><img loading=\"lazy\" decoding=\"async\" width=\"1024\" height=\"575\" src=\"https:\/\/biolink.info\/blog\/wp-content\/uploads\/2022\/11\/Diversidad-e-inclusion-en-el-ambito-educativo-1024x575.jpg\" alt=\"Beneficios de la diversidad e inclusi\u00f3n en el \u00e1mbito educativo\" class=\"wp-image-1134\" srcset=\"https:\/\/biolink.info\/blog\/wp-content\/uploads\/2022\/11\/Diversidad-e-inclusion-en-el-ambito-educativo-1024x575.jpg 1024w, https:\/\/biolink.info\/blog\/wp-content\/uploads\/2022\/11\/Diversidad-e-inclusion-en-el-ambito-educativo-300x169.jpg 300w, https:\/\/biolink.info\/blog\/wp-content\/uploads\/2022\/11\/Diversidad-e-inclusion-en-el-ambito-educativo-768x431.jpg 768w, https:\/\/biolink.info\/blog\/wp-content\/uploads\/2022\/11\/Diversidad-e-inclusion-en-el-ambito-educativo.jpg 1200w\" sizes=\"auto, (max-width: 1024px) 100vw, 1024px\" \/><figcaption class=\"wp-element-caption\"><em>La diversidad e inclusi\u00f3n permite obtener mejores resultados al potenciar la creatividad<\/em><\/figcaption><\/figure>\n<\/div>\n\n\n<p>Un ambiente creativo est\u00e1 constantemente lleno de nuevas ideas, algo que sin duda alguna es muy importante para cualquier estudiante. Por ello es que <strong>aquellos ambientes llenos de diversidad son aquellos que cuentan con un mayor flujo de ideas<\/strong> y terminan por ser los m\u00e1s ingeniosos e intuitivos, demostrando as\u00ed mejores resultados.<\/p>\n\n\n\n<p>Por otra parte, <strong>el intercambio cultural puede ser una experiencia muy interesante<\/strong> para las personas, donde se tendr\u00e1 la oportunidad de recibir y compartir nuevos conocimientos, nuevos pensamientos que si bien no coinciden no dejan de despertar curiosidad y eso es algo que estimula la creatividad.<\/p>\n\n\n\n<h2 class=\"wp-block-heading\">La inclusi\u00f3n no busca el cambio, su objetivo es el trabajo en equipo<\/h2>\n\n\n\n<p>A pesar de que las personas sean diferentes y eso sea algo que no cambie, no quiere decir que no se pueda coexistir en un mismo ambiente. Pues si bien un cristiano y un ateo tengan creencias totalmente opuestas, siempre habr\u00e1 algo que los unir\u00e1, quiz\u00e1 por motivos diferentes, pero en ocasiones los objetivos coinciden;<strong> la diferencia no tiene por qu\u00e9 ser un problema<\/strong>, simplemente se trata de respetar las creencias ajenas donde no se busca cambiar el pensar de otra persona, se trata de aceptarla tal y como es; as\u00ed como t\u00fa tambi\u00e9n tienes el derecho de ser respetado por pensar diferente.<\/p>\n\n\n\n<p>A la hora de la verdad <strong>nadie puede tener la raz\u00f3n de manera absoluta<\/strong>, pues en nuestro mundo todo es relativo, existen muchos misterios y diferentes explicaciones para ello, lo cual depender\u00e1 de la interpretaci\u00f3n de cada persona.<\/p>\n","protected":false},"excerpt":{"rendered":"<p>Hoy en d\u00eda la diversidad e inclusi\u00f3n es algo que se puede apreciar con mucha naturalidad. Pues el intercambio de culturas es algo muy cotidiano, en especial cuando se trata de colegios internacionales o a nivel universitario, donde se puede encontrar una gran diversidad entre personas. Pero, \u00bfrealmente la diversidad e inclusi\u00f3n es algo importante&hellip;<\/p>\n","protected":false},"author":3,"featured_media":1133,"comment_status":"closed","ping_status":"closed","sticky":false,"template":"","format":"standard","meta":[],"categories":[66,65],"tags":[],"class_list":["post-1132","post","type-post","status-publish","format-standard","has-post-thumbnail","hentry","category-diversity-and-inclusion","category-non-profit","category-66","category-65","description-off"],"_links":{"self":[{"href":"https:\/\/biolink.info\/blog\/wp-json\/wp\/v2\/posts\/1132","targetHints":{"allow":["GET"]}}],"collection":[{"href":"https:\/\/biolink.info\/blog\/wp-json\/wp\/v2\/posts"}],"about":[{"href":"https:\/\/biolink.info\/blog\/wp-json\/wp\/v2\/types\/post"}],"author":[{"embeddable":true,"href":"https:\/\/biolink.info\/blog\/wp-json\/wp\/v2\/users\/3"}],"replies":[{"embeddable":true,"href":"https:\/\/biolink.info\/blog\/wp-json\/wp\/v2\/comments?post=1132"}],"version-history":[{"count":2,"href":"https:\/\/biolink.info\/blog\/wp-json\/wp\/v2\/posts\/1132\/revisions"}],"predecessor-version":[{"id":1848,"href":"https:\/\/biolink.info\/blog\/wp-json\/wp\/v2\/posts\/1132\/revisions\/1848"}],"wp:featuredmedia":[{"embeddable":true,"href":"https:\/\/biolink.info\/blog\/wp-json\/wp\/v2\/media\/1133"}],"wp:attachment":[{"href":"https:\/\/biolink.info\/blog\/wp-json\/wp\/v2\/media?parent=1132"}],"wp:term":[{"taxonomy":"category","embeddable":true,"href":"https:\/\/biolink.info\/blog\/wp-json\/wp\/v2\/categories?post=1132"},{"taxonomy":"post_tag","embeddable":true,"href":"https:\/\/biolink.info\/blog\/wp-json\/wp\/v2\/tags?post=1132"}],"curies":[{"name":"wp","href":"https:\/\/api.w.org\/{rel}","templated":true}]}}