{"id":1108,"date":"2022-11-04T02:32:52","date_gmt":"2022-11-04T05:32:52","guid":{"rendered":"https:\/\/www.biolink.tv\/blog\/?p=1108"},"modified":"2023-01-30T05:39:01","modified_gmt":"2023-01-30T08:39:01","slug":"como-promover-la-diversidad-e-inclusion","status":"publish","type":"post","link":"https:\/\/biolink.info\/blog\/como-promover-la-diversidad-e-inclusion\/","title":{"rendered":"\u00bfC\u00f3mo promover la diversidad e inclusi\u00f3n?"},"content":{"rendered":"\n<p>Hoy en d\u00eda se habla mucho de lo que es la diversidad e inclusi\u00f3n, pero algunas personas confunden ambos conceptos como si se tratase de lo mismo. Por ello en esta ocasi\u00f3n te mostraremos que es la diversidad e inclusi\u00f3n, algunos ejemplos para tenerlo claro y luego mostrarte algunos consejos sobre <strong>como promover la diversidad e inclusi\u00f3n<\/strong>.&nbsp;Lo cual es un concepto que se puede apreciar en algunos lugares; sin embargo, hay algunas cosas por mejorar.<\/p>\n\n\n\n<h2 class=\"wp-block-heading\">\u00bfQu\u00e9 es la diversidad e inclusi\u00f3n?<\/h2>\n\n\n\n<p>La <strong>diversidad <\/strong>es definida como todas aquellas caracter\u00edsticas comunes y diferentes que tenemos unos con otros, considerando lo que sea visible como lo que no se ve a simple vista. Pero, <strong>\u00bfqu\u00e9 caracter\u00edsticas se incluye?<\/strong> Todo, desde la edad hasta las discapacidades, sexualidad, religi\u00f3n, etnia, g\u00e9nero, entorno social, en fin. Todo aquello que forme parte de una persona.<\/p>\n\n\n\n<p>La <strong>inclusi\u00f3n <\/strong>se trata de crear un ambiente donde se incluya toda la diversidad, de tal manera que, <strong>todos puedan ser escuchados y tomados en cuenta sin importar que tan diferentes sean.<\/strong> De tal manera que se trata de un ambiente lleno de igualdad y oportunidades donde cada una de las distribuciones y accesos son hechos con equidad.<\/p>\n\n\n\n<h2 class=\"wp-block-heading\">La diversidad e inclusi\u00f3n en la sociedad<\/h2>\n\n\n\n<p>La inclusi\u00f3n es algo que puede y debe ser aplicado en cualquier \u00e1mbito, bien sea laboral o acad\u00e9mico. A fin de cuentas <strong>nos encontramos en una sociedad civilizada <\/strong>donde perfectamente nos adaptamos a diversos ambientes, adem\u00e1s el conocimiento intelectual tiene mayor valor que cualquier otro aspecto f\u00edsico.<\/p>\n\n\n<div class=\"wp-block-image\">\n<figure class=\"aligncenter size-full\"><img loading=\"lazy\" decoding=\"async\" width=\"1024\" height=\"677\" src=\"https:\/\/biolink.info\/blog\/wp-content\/uploads\/2022\/11\/Screenshot_3.png\" alt=\"\" class=\"wp-image-1116\" srcset=\"https:\/\/biolink.info\/blog\/wp-content\/uploads\/2022\/11\/Screenshot_3.png 1024w, https:\/\/biolink.info\/blog\/wp-content\/uploads\/2022\/11\/Screenshot_3-300x198.png 300w, https:\/\/biolink.info\/blog\/wp-content\/uploads\/2022\/11\/Screenshot_3-768x508.png 768w\" sizes=\"auto, (max-width: 1024px) 100vw, 1024px\" \/><\/figure>\n<\/div>\n\n\n<p>Sin embargo, en algunos casos se malinterpreta la inclusi\u00f3n con el pensar que \u201ctodos podemos hacer lo mismo\u201d, claro est\u00e1 el hecho de que hay personas f\u00edsicamente m\u00e1s fuertes que otras, as\u00ed como hay quienes tienen mejores destrezas en \u00e1reas espec\u00edficas; es as\u00ed como <strong>dependiendo de las condiciones f\u00edsicas, parece casi imposible poder incluir a todos<\/strong>. Por ejemplo, no puede ped\u00edrsele a alguien que cargue una caja de 70 kg cuando ni siquiera puede cargar 20 kg; as\u00ed como tampoco se le debe exigir a alguien que pese 100 kg que practique ballet cuando esto condenar\u00eda sus rodillas.&nbsp;<\/p>\n\n\n\n<p>Lo cierto es que<strong> existe mucha diversidad e inclusi\u00f3n que permite dar oportunidades a cada una de las personas<\/strong> para que hagan lo que deseen hacer, que se desenvuelvan en el \u00e1rea que prefieran. Es as\u00ed como la realidad es que todos podemos hacer lo que queramos, pero si nuestro cuerpo no est\u00e1 acorde a ello, entonces debemos esforzarnos un poco m\u00e1s si realmente as\u00ed lo queremos.&nbsp;<\/p>\n\n\n\n<p>Por otra parte, en el \u00e1mbito acad\u00e9mico y laboral, se puede apreciar una gran diversidad de personas, por lo que en definitiva este es un concepto que bien est\u00e1 siendo tomado en cuenta; sin embargo, <strong>siempre hay aspectos que mejorar<\/strong>. Pero en el \u00e1mbito social es donde definitivamente es necesario mejorar la inclusi\u00f3n.<\/p>\n\n\n\n<h2 class=\"wp-block-heading\">\u00bfC\u00f3mo promover la diversidad e inclusi\u00f3n?<\/h2>\n\n\n\n<p>No solo se trata de que algunos l\u00edderes o due\u00f1os de empresas comiencen a hacer cambios, <strong>se trata principalmente de como act\u00fae el ciudadano com\u00fan<\/strong>. La idea es que la diversidad e inclusi\u00f3n sea algo que se tome en cuenta y se respete todo el d\u00eda en todo momento.&nbsp;<\/p>\n\n\n\n<p>Para las personas que no sufren ning\u00fan tipo de discapacidad es muy sencillo adaptarse a cualquier lugar. Sin embargo, para quienes est\u00e1n en sillas de ruedas, ciegos, ancianos que requieran el uso de bast\u00f3n, madres que llevan a su beb\u00e9 en cochecito o cualquier otra persona con alguna discapacidad, <strong>no siempre cuentan con un entorno que les permita sentir comodidad<\/strong>; por lo que en estos casos algunos deciden aislarse; mientras que otros invierten m\u00e1s dinero en cosas, servicios o sistemas que les facilite la adaptaci\u00f3n; as\u00ed como tambi\u00e9n est\u00e1n quienes simplemente toleran las circunstancias.<\/p>\n\n\n\n<p>Claro est\u00e1 el problema, pero <strong>\u00bfc\u00f3mo promover la inclusi\u00f3n en la sociedad?<\/strong>, se podr\u00eda tratar de un proyecto en el que realmente se incluyan a todas las personas, pensando en absolutamente todos los posibles usuarios. Pero esto no es algo nuevo, ya que de hecho en algunos lugares existe este tipo de inclusi\u00f3n, como por ejemplo se puede apreciar pasamanos que cuentan con el sistema de lectura braille.<\/p>\n\n\n<div class=\"wp-block-image\">\n<figure class=\"aligncenter size-large\"><img loading=\"lazy\" decoding=\"async\" width=\"1024\" height=\"626\" src=\"https:\/\/biolink.info\/blog\/wp-content\/uploads\/2022\/11\/Screenshot_2-1024x626.png\" alt=\"\u00bfC\u00f3mo promover la diversidad e inclusi\u00f3n?\" class=\"wp-image-1115\" srcset=\"https:\/\/biolink.info\/blog\/wp-content\/uploads\/2022\/11\/Screenshot_2-1024x626.png 1024w, https:\/\/biolink.info\/blog\/wp-content\/uploads\/2022\/11\/Screenshot_2-300x183.png 300w, https:\/\/biolink.info\/blog\/wp-content\/uploads\/2022\/11\/Screenshot_2-768x470.png 768w, https:\/\/biolink.info\/blog\/wp-content\/uploads\/2022\/11\/Screenshot_2.png 1302w\" sizes=\"auto, (max-width: 1024px) 100vw, 1024px\" \/><figcaption class=\"wp-element-caption\"><em>Pasamanos de las escaleras en la estaci\u00f3n Venezuela en Buenos Aires, Argentina<\/em><\/figcaption><\/figure>\n<\/div>\n\n\n<p>Por \u00faltimo, no se puede dejar de lado<strong> la educaci\u00f3n desde temprana edad<\/strong>, por ejemplo, el educar a los ni\u00f1os para no se\u00f1alar a alguien porque se vea diferente; en este caso la idea ser\u00eda incluir a esa persona, tratarla como alguien m\u00e1s y motivarle a unirse a un grupo social. De tal manera que la inclusi\u00f3n es algo que debe comenzarse lo antes posible, mientras m\u00e1s temprano, mejores ser\u00e1n los resultados, ya que cuando alguien tiene la oportunidad de crecer con este tipo de cultura, es mucho m\u00e1s sencillo aplicarlo y ense\u00f1arlo eficazmente en su adultez, es as\u00ed como la educaci\u00f3n es la clave de la civilizaci\u00f3n.<\/p>\n","protected":false},"excerpt":{"rendered":"<p>Hoy en d\u00eda se habla mucho de lo que es la diversidad e inclusi\u00f3n, pero algunas personas confunden ambos conceptos como si se tratase de lo mismo. Por ello en esta ocasi\u00f3n te mostraremos que es la diversidad e inclusi\u00f3n, algunos ejemplos para tenerlo claro y luego mostrarte algunos consejos sobre como promover la diversidad&hellip;<\/p>\n","protected":false},"author":3,"featured_media":1114,"comment_status":"closed","ping_status":"closed","sticky":false,"template":"","format":"standard","meta":[],"categories":[66,65],"tags":[],"class_list":["post-1108","post","type-post","status-publish","format-standard","has-post-thumbnail","hentry","category-diversity-and-inclusion","category-non-profit","category-66","category-65","description-off"],"_links":{"self":[{"href":"https:\/\/biolink.info\/blog\/wp-json\/wp\/v2\/posts\/1108","targetHints":{"allow":["GET"]}}],"collection":[{"href":"https:\/\/biolink.info\/blog\/wp-json\/wp\/v2\/posts"}],"about":[{"href":"https:\/\/biolink.info\/blog\/wp-json\/wp\/v2\/types\/post"}],"author":[{"embeddable":true,"href":"https:\/\/biolink.info\/blog\/wp-json\/wp\/v2\/users\/3"}],"replies":[{"embeddable":true,"href":"https:\/\/biolink.info\/blog\/wp-json\/wp\/v2\/comments?post=1108"}],"version-history":[{"count":5,"href":"https:\/\/biolink.info\/blog\/wp-json\/wp\/v2\/posts\/1108\/revisions"}],"predecessor-version":[{"id":1846,"href":"https:\/\/biolink.info\/blog\/wp-json\/wp\/v2\/posts\/1108\/revisions\/1846"}],"wp:featuredmedia":[{"embeddable":true,"href":"https:\/\/biolink.info\/blog\/wp-json\/wp\/v2\/media\/1114"}],"wp:attachment":[{"href":"https:\/\/biolink.info\/blog\/wp-json\/wp\/v2\/media?parent=1108"}],"wp:term":[{"taxonomy":"category","embeddable":true,"href":"https:\/\/biolink.info\/blog\/wp-json\/wp\/v2\/categories?post=1108"},{"taxonomy":"post_tag","embeddable":true,"href":"https:\/\/biolink.info\/blog\/wp-json\/wp\/v2\/tags?post=1108"}],"curies":[{"name":"wp","href":"https:\/\/api.w.org\/{rel}","templated":true}]}}